{"id":531,"date":"2012-10-24T16:44:22","date_gmt":"2012-10-24T16:44:22","guid":{"rendered":"https:\/\/www.reha.hr\/new\/cms\/fizikalna-terapija-prije-operativnog-zahvata\/"},"modified":"2012-10-24T16:44:22","modified_gmt":"2012-10-24T16:44:22","slug":"fizikalna-terapija-prije-operativnog-zahvata","status":"publish","type":"post","link":"https:\/\/www.reha.hr\/new\/cms\/fizikalna-terapija-prije-operativnog-zahvata\/","title":{"rendered":"Fizikalna terapija prije operativnog zahvata"},"content":{"rendered":"<h6>Terapeuti imaju vje\u010dnu bitku u podizanju svijesti po pitanju kada je <a title=\"fizikalna terapija\" href=\"http:\/\/www.reha.hr\/cms\/fizikalna-terapija\/\">fizikalna terapija<\/a> prikladna. Ve\u0107ina ljudi \u010duju rije\u010di &#8220;<a title=\"fizikalna terapija\" href=\"http:\/\/www.reha.hr\/cms\/fizikalna-terapija\/\">fizikalna terapija<\/a>&#8221; i pretpostavljaju da je to ne\u0161to \u0161to im ne treba, osim poslije operacije. To nije to\u010dno!<\/h6>\n<p><a href=\"http:\/\/www.reha.hr\/cms\/oboljenja-spinalnih-diskova\/\">Fizikalna terapija<\/a> je vrlo u\u010dinkovita i prije operacije, pogotovo kada je u pitanju operacija <a title=\"diskus hernija\" href=\"http:\/\/www.reha.hr\/cms\/discus-hernia\/\">kralje\u0161nice<\/a>.<\/p>\n<h5>Prvo, fizikalna terapija mo\u017ee pomo\u0107i<\/h5>\n<p><img loading=\"lazy\" decoding=\"async\" class=\"alignleft size-medium wp-image-2077\" title=\"priprema prije operacije\" src=\"http:\/\/www.reha.hr\/cms\/wp-content\/uploads\/priprema-prije-operacije-270x109.jpg\" alt=\"priprema prije operacije\" width=\"270\" height=\"109\" \/>smanjiti <a title=\"bol u le\u0111ima\" href=\"http:\/\/www.reha.hr\/cms\/bol-u-ledima\/\">bolove u le\u0111ima<\/a>. Postoje \u010dak i neki slu\u010dajevi gdje<a title=\"udarni val\" href=\"http:\/\/www.reha.hr\/cms\/terapija-fokusiranimradijalnim-udarnim-valom\/\"> fizikalna terapija<\/a> pomogne toliko, da operacija vi\u0161e nije ni potrebna, npr. <a title=\"trakcija kralje\u0161nice\" href=\"http:\/\/www.reha.hr\/cms\/dekompresijska-terapija-kraljeznice\/\">trakcijom kralje\u017enice<\/a> i prikladnom terapijom, mo\u017ee se osobu &#8220;spasiti&#8221; od operacijske sale. To naravno nije uvijek slu\u010daj. Ponekad je operacija neizbje\u017ena. Me\u0111utim, <a title=\"laser\" href=\"http:\/\/www.reha.hr\/cms\/mls-terapija-laserom\/\">fizikalna terapija<\/a> i <a title=\"kineziterapija\" href=\"http:\/\/www.reha.hr\/cms\/kineziterapija\/\">kineziterapija<\/a> mogu poslu\u017eiti kao dobra priprema za<a title=\"medicinska rehabilitacija\" href=\"http:\/\/www.reha.hr\/cms\/medicinska-rehabilitacija\/\"> rehabilitaciju<\/a> nakon operacije i tako skratiti vrijeme oporavka.<\/p>\n<h5>Terapeut<\/h5>\n<p>\u0107e raditi na pove\u0107anju va\u0161e snage i stabilnosti i na taj na\u010din, Va\u0161e tijelo \u0107e biti u boljem stanju i ja\u010de nakon operacije.<\/p>\n<h5>Kineziterapeut<\/h5>\n<p>Vam mo\u017ee pokazati i <a title=\"Individualni trening\" href=\"http:\/\/www.reha.hr\/cms\/individualni-trening-i-edukacija\/\">vje\u017ebe<\/a> koje bi bilo potrebno raditi nakon operacije, jer to poma\u017ee memoriji mi\u0161i\u0107a , tako da je vi\u0161e vjerojatno da \u0107ete <a title=\"sportska rehabilitacija\" href=\"http:\/\/www.reha.hr\/cms\/sportska-rehabilitacija\/\">rehabilitaciju<\/a> i <a title=\"vje\u017ebe\" href=\"http:\/\/www.reha.hr\/cms\/izokineticke-vjezbe-nakon-artroskopije\/\">vje\u017ebe<\/a> nakon operacije izvoditi ispravno i sigurno.<br \/>\nNemojte pasti u zamku misle\u0107i da trebate pasivno \u010dekati operaciju i da se <a title=\"krioterapija\" href=\"http:\/\/www.reha.hr\/cms\/krio-terapija\/\">fizikalna<\/a> i <a title=\"kineziterapija\" href=\"http:\/\/www.reha.hr\/cms\/kineziterapija\/\">kineziterapija<\/a> primjenjuje samo za postoperacijsku rehabilitaciju oporavak.<\/p>\n<h5 style=\"text-align: center;\">Pripremite se za operaciju!<\/h5>\n<p>&nbsp;<\/p>\n<p style=\"text-align: right;\" align=\"LEFT\"><strong>Ana Ru\u017ei\u0107<\/strong>,<br \/>\n<em>mag. kineziologije u kineziterapiji i<br \/>\nlicencirani terapeut na Isomedu2000<\/em><\/p>\n","protected":false},"excerpt":{"rendered":"<p>Terapeuti imaju vje\u010dnu bitku u podizanju svijesti po pitanju kada je fizikalna terapija prikladna. Ve\u0107ina ljudi \u010duju rije\u010di &#8220;fizikalna terapija&#8221; i pretpostavljaju da je to ne\u0161to \u0161to im ne treba, osim poslije operacije. To nije to\u010dno! Fizikalna terapija je vrlo u\u010dinkovita i prije operacije, pogotovo kada je u pitanju operacija kralje\u0161nice. Prvo, fizikalna terapija mo\u017ee [&hellip;]<\/p>\n","protected":false},"author":1,"featured_media":532,"comment_status":"open","ping_status":"open","sticky":false,"template":"","format":"standard","meta":{"footnotes":""},"categories":[9,10,12],"tags":[49,88,23,35,15,41,226,16,68,31,75],"class_list":["post-531","post","type-post","status-publish","format-standard","has-post-thumbnail","hentry","category-fizikalna-terapija","category-medicinska-rehabilitacija","category-terapije","tag-bol","tag-dekompresijska-terapija","tag-fizikalna-terapija","tag-izokinetika","tag-kraljeznica","tag-krioterapija","tag-laser","tag-leda","tag-ozljede-ramena","tag-sportske-ozljede","tag-udarni-val"],"_links":{"self":[{"href":"https:\/\/www.reha.hr\/new\/wp-json\/wp\/v2\/posts\/531","targetHints":{"allow":["GET"]}}],"collection":[{"href":"https:\/\/www.reha.hr\/new\/wp-json\/wp\/v2\/posts"}],"about":[{"href":"https:\/\/www.reha.hr\/new\/wp-json\/wp\/v2\/types\/post"}],"author":[{"embeddable":true,"href":"https:\/\/www.reha.hr\/new\/wp-json\/wp\/v2\/users\/1"}],"replies":[{"embeddable":true,"href":"https:\/\/www.reha.hr\/new\/wp-json\/wp\/v2\/comments?post=531"}],"version-history":[{"count":0,"href":"https:\/\/www.reha.hr\/new\/wp-json\/wp\/v2\/posts\/531\/revisions"}],"wp:featuredmedia":[{"embeddable":true,"href":"https:\/\/www.reha.hr\/new\/wp-json\/wp\/v2\/media\/532"}],"wp:attachment":[{"href":"https:\/\/www.reha.hr\/new\/wp-json\/wp\/v2\/media?parent=531"}],"wp:term":[{"taxonomy":"category","embeddable":true,"href":"https:\/\/www.reha.hr\/new\/wp-json\/wp\/v2\/categories?post=531"},{"taxonomy":"post_tag","embeddable":true,"href":"https:\/\/www.reha.hr\/new\/wp-json\/wp\/v2\/tags?post=531"}],"curies":[{"name":"wp","href":"https:\/\/api.w.org\/{rel}","templated":true}]}}