{"id":425,"date":"2012-09-17T16:47:40","date_gmt":"2012-09-17T16:47:40","guid":{"rendered":"https:\/\/www.reha.hr\/new\/cms\/vrtoglavica-lat-vertigo\/"},"modified":"2012-09-17T16:47:40","modified_gmt":"2012-09-17T16:47:40","slug":"vrtoglavica-lat-vertigo","status":"publish","type":"post","link":"https:\/\/www.reha.hr\/new\/cms\/vrtoglavica-lat-vertigo\/","title":{"rendered":"Vrtoglavica (lat. vertigo)"},"content":{"rendered":"<h6>Vertigo (od latinskog vert\u014d &#8220;vrtlo\u017eenje&#8221;) je podtip vrtoglavice. Simptomi su zbog asimetri\u010dne disfunkcije vestibularnog sustava u unutarnjem uhu \u010desto povezani s mu\u010dninom i povra\u0107anjem, kao i poreme\u0107ajem ravnote\u017ee, \u0161to uzrokuje pote\u0161ko\u0107e kod\u00a0 stajanja ili\u00a0 kod hoda.<\/h6>\n<p>&nbsp;<\/p>\n<p><img loading=\"lazy\" decoding=\"async\" class=\"alignleft size-medium wp-image-1420\" title=\"vrtoglavica\" src=\"http:\/\/www.reha.hr\/cms\/wp-content\/uploads\/GLAVOBOLJA-270x153.png\" alt=\"vrtoglavica\" width=\"270\" height=\"278\" \/>Postoje tri vrste vrtoglavice:<\/p>\n<h5>(1) Objektivna-<\/h5>\n<p>pacijent ima osje\u0107aj da se predmeti okre\u0107u oko njega,<\/p>\n<h5>(2) Subjektivna-<\/h5>\n<p>pacijent osje\u0107a kao da se on\/ona\u00a0 okre\u0107e,<\/p>\n<h5>(3) Pseudovertigo<\/h5>\n<p>intenzivni osje\u0107aj rotacije unutar pacijentove glave.<\/p>\n<p>&nbsp;<\/p>\n<h5>Vrtoglavica<\/h5>\n<p>je smje\u0161tena me\u0111u naj\u010de\u0161\u0107a oboljenja u medicini, koji utje\u010du na oko 20% -30% op\u0107e populacije. Vrtoglavica mo\u017ee biti prisutna u bolesnika svih dobnih skupina.\u00a0 Naj\u010de\u0161\u0107i uzroci su benigna paroksizmalna pozicijska vrtoglavica, potres i vestibularna migrena.\u00a0 Pretjerana konzumacija alkoholnih pi\u0107a tako\u0111er mo\u017ee uzrokovati notorne simptome vrtoglavice. U Rehabilitaciji NOVA \u010desto imamo pacijente koji se \u017eale na vrtoglavicu (imaju ih ponekad i godinama) koju uz svu medicinsku pomo\u0107 ne mogu rije\u0161iti.<\/p>\n<h5>Vrtoglavicu<\/h5>\n<p>naj\u010de\u0161\u0107e\u00a0 uzrokuje funkcionalni\u00a0 blok\u00a0 u\u00a0 stra\u017enjoj\u00a0 atlantookcipitalnoj\u00a0 opni\u00a0 (lat.\u00a0 membrana atlantooccipitalis posterior) kroz koju prolaze vertebralne arterije. \u010cesto zbog optere\u010denosti polo\u017eaja glave\u00a0 (pri\u00a0 radu za\u00a0 ra\u010dunalom, pisanju, prisilnom pognutom polo\u017eaju), <a title=\"trzajne ozljede\" href=\"http:\/\/www.reha.hr\/cms\/prometne-nesrece-i-trzajne-ozljede\/\">trzajnom ozljedom<\/a> (prometna nesre\u0107a, skakanje u vodu na glavu, no\u0161enje kacige), nahladom vratnog dijela\u00a0 (znojenjem, propuh) dolazi do stezanja stra\u017enje ligamentarne opne, a time i do pritiska na krvne \u017eile koje vi\u0161e\u00a0 ne mogu\u00a0 normalno\u00a0 obavljati\u00a0 svoju\u00a0 funkciju\u00a0 opskrbe\u00a0 krvlju. Vertebro-bazilarni\u00a0 arterijski\u00a0 sistem\u00a0 sa\u00a0 svojim\u00a0 granama\u00a0 opskrbljuje\u00a0 krvlju\u00a0 mnoge dijelove produ\u017eene mo\u017edine, dijelove malog i velikog mozga, te neke jezgre kranijalnih \u017eivaca.<\/p>\n<h5>U Rehabilitaciji NOVA<\/h5>\n<p>ovaj problem\u00a0 tretiramo <a title=\"DTK\" href=\"http:\/\/www.reha.hr\/cms\/dekompresijska-terapija-kraljeznice\/\">neoperativnom dekompresijskom terapijom kralje\u017enice<\/a>.\u00a0 Iskustvom\u00a0 i\u00a0 radom\u00a0 usavr\u0161ili smo\u00a0 tehniku\u00a0 istezanja kojom\u00a0 se\u00a0 relativno brzo\u00a0 (1- 5\u00a0 terapija), bezopasno\u00a0 i u\u010dinkovito otklanjaju vrtoglavice\u00a0 uzrokovane\u00a0 funkcionalnim\u00a0 blokovima\u00a0 u\u00a0 <a title=\"ligament\" href=\"http:\/\/www.reha.hr\/cms\/ozljeda-prednjeg-kriznog-ligamenta\/\">ligamentima<\/a>. Ukoliko postoje funkcionalni blokovi udru\u017eeni sa nekim drugim problemima kao npr. <a title=\"spinalni diskovi\" href=\"http:\/\/www.reha.hr\/cms\/oboljenja-spinalnih-diskova\/\">degenerativnim promjenama<\/a> na vratnoj kralje\u0161nici onda se terapije rade du\u017ee (prosje\u010dno 10 kroz 2 mjeseca). Ove metode su naro\u010dito u\u010dinkovite u akutnim stanjima (do 7 dana), gdje se ve\u0107 sa 1 \u2013 3 terapije dolazi do potpunog gubitka simptoma vrtoglavice, mu\u010dnine, malaksalosti\u00a0 ili vratobolje.<\/p>\n<p>&nbsp;<\/p>\n<h5>Naj\u010de\u0161\u0107i simptomi \u2013<\/h5>\n<p>-bolesnik ima utisak da se predmeti okre\u0107u oko njega (objektivni vertigo) ili da tone, pada\u00a0 (subjektivni\u00a0 vertigo).\u00a0 Mo\u017ee\u00a0 biti\u00a0 pra\u010den\u00a0 mu\u0107ninom,\u00a0 povra\u010danjem, malaksalo\u0161\u0107u.<br \/>\n-prolazni\u00a0 poreme\u010daji\u00a0 vida\u00a0 &#8211;\u00a0 bljesak,\u00a0 boje,\u00a0 ispad\u00a0 djela\u00a0 vidnog polja, potpuni\u00a0 gubitak\u00a0 vida.<br \/>\n-ataksija ( teturav hod)<br \/>\n-sinkope (kratkotrajan gubitak svijesti), zbog o\u0161te\u010denja sinkopalnog refleksa u produ\u017eenoj mo\u017edini<br \/>\n-\u201cdrop\u201d ataci \u2013 nagli gubitak snage u nogama i pad, bez gubitka svijesti, zbog ishemije piramidnih puteva u podru\u010dju ponsa<br \/>\n-diplopije (duple slike)<br \/>\n-dizartrija (ote\u017ean izgovor)<br \/>\n-prolazna o\u0161te\u0107enja kranijalnih \u017eivaca<br \/>\n-prolazna gluho\u0107a<br \/>\n-okcipitalne (zatiljne) glavobolje<br \/>\n-tranzitorna globalna amnezija<br \/>\n-hemipareza (oduzetost polovine tijela)<\/p>\n<p>&nbsp;<\/p>\n<p>&nbsp;<\/p>\n<p>&nbsp;<\/p>\n<p>&nbsp;<\/p>\n<p>&nbsp;<\/p>\n","protected":false},"excerpt":{"rendered":"<p>Vertigo (od latinskog vert\u014d &#8220;vrtlo\u017eenje&#8221;) je podtip vrtoglavice. Simptomi su zbog asimetri\u010dne disfunkcije vestibularnog sustava u unutarnjem uhu \u010desto povezani s mu\u010dninom i povra\u0107anjem, kao i poreme\u0107ajem ravnote\u017ee, \u0161to uzrokuje pote\u0161ko\u0107e kod\u00a0 stajanja ili\u00a0 kod hoda. &nbsp; Postoje tri vrste vrtoglavice: (1) Objektivna- pacijent ima osje\u0107aj da se predmeti okre\u0107u oko njega, (2) Subjektivna- pacijent [&hellip;]<\/p>\n","protected":false},"author":1,"featured_media":426,"comment_status":"open","ping_status":"open","sticky":false,"template":"","format":"standard","meta":{"footnotes":""},"categories":[9,44],"tags":[88,23,129,16],"class_list":["post-425","post","type-post","status-publish","format-standard","has-post-thumbnail","hentry","category-fizikalna-terapija","category-oboljenja","tag-dekompresijska-terapija","tag-fizikalna-terapija","tag-huber","tag-leda"],"_links":{"self":[{"href":"https:\/\/www.reha.hr\/new\/wp-json\/wp\/v2\/posts\/425","targetHints":{"allow":["GET"]}}],"collection":[{"href":"https:\/\/www.reha.hr\/new\/wp-json\/wp\/v2\/posts"}],"about":[{"href":"https:\/\/www.reha.hr\/new\/wp-json\/wp\/v2\/types\/post"}],"author":[{"embeddable":true,"href":"https:\/\/www.reha.hr\/new\/wp-json\/wp\/v2\/users\/1"}],"replies":[{"embeddable":true,"href":"https:\/\/www.reha.hr\/new\/wp-json\/wp\/v2\/comments?post=425"}],"version-history":[{"count":0,"href":"https:\/\/www.reha.hr\/new\/wp-json\/wp\/v2\/posts\/425\/revisions"}],"wp:featuredmedia":[{"embeddable":true,"href":"https:\/\/www.reha.hr\/new\/wp-json\/wp\/v2\/media\/426"}],"wp:attachment":[{"href":"https:\/\/www.reha.hr\/new\/wp-json\/wp\/v2\/media?parent=425"}],"wp:term":[{"taxonomy":"category","embeddable":true,"href":"https:\/\/www.reha.hr\/new\/wp-json\/wp\/v2\/categories?post=425"},{"taxonomy":"post_tag","embeddable":true,"href":"https:\/\/www.reha.hr\/new\/wp-json\/wp\/v2\/tags?post=425"}],"curies":[{"name":"wp","href":"https:\/\/api.w.org\/{rel}","templated":true}]}}